{"id":1277,"date":"2017-12-18T21:01:15","date_gmt":"2017-12-18T21:01:15","guid":{"rendered":"https:\/\/fomentoprl.cec.es\/?p=1277"},"modified":"2018-11-06T22:23:06","modified_gmt":"2018-11-06T22:23:06","slug":"vixiancia-da-saude-sector-agrario","status":"publish","type":"post","link":"https:\/\/fomentoprl.cec.es\/index.php\/2017\/12\/18\/vixiancia-da-saude-sector-agrario\/","title":{"rendered":"Vixiancia da sa\u00fade | Publicaci\u00f3n PRL"},"content":{"rendered":"<p style=\"text-align: left;\">A Comisi\u00f3n de Sa\u00fade P\u00fablica do Consello Interterritorial do Sistema Nacional de Sa\u00fade e o Grupo de Traballo do Sector Agrario da Comisi\u00f3n Nacional de Seguridade e Sa\u00fade no Traballo, publican unha gu\u00eda para\u00a0 vixiancia da sa\u00fade dos traballadores do sector agrario.<\/p>\n<div id=\"nrc-main-copy\" style=\"text-align: left;\">O Grupo de Traballo \u00abSECTOR AGRARIO\u00bb da Comisi\u00f3n Nacional de Seguridade e\u00a0Sa\u00fade no Traballo acordou a creaci\u00f3n do Subgrupo de Traballo \u00abVixilancia da sa\u00fade no\u00a0sector Agrario\u00bb, co obxectivo de analizar a problem\u00e1tica da vixilancia da sa\u00fade\u00a0no sector.<\/div>\n<div id=\"nrc-main-copy\" style=\"text-align: left;\">\n<form action=\"tradtext.php\" method=\"post\">Tras analizar o grado de aplicaci\u00f3n da normativa vigente e os problemas espec\u00edficos, o Subgrupo identificou as seguintes carencias.<\/p>\n<ol>\n<li>Falta de cobertura da vixilancia da sa\u00fade para todos os traballadores<\/li>\n<li>A pr\u00e1ctica da vixilancia da sa\u00fade, cando se fai, adoita ser meramente formal,\u00a0non espec\u00edfica, e de escasa calidade.<\/li>\n<li>Falta de co\u00f1ecemento sobre o sector por parte dos Servizos de Prevenci\u00f3n Alleos.<\/li>\n<li>Imposibilidad material por parte dos servizos de prevenci\u00f3n alleos para prestar\u00a0asistencia sanitaria nun momento e d\u00eda precisos, debida tanto \u00e1 dispersi\u00f3n\u00a0 xeogr\u00e1fica dos lugares de traballo, como \u00e1 temporalidad da contrataci\u00f3n no sector.<\/li>\n<li>Dificultade f\u00edsica do empresario para achegar ao traballador ao servizo de vixilancia\u00a0da sa\u00fade cando realmente neces\u00edtao.<\/li>\n<li>Escaso compromiso das Comunidades Aut\u00f3nomas para mell\u00f3raa da vixilancia\u00a0de sa\u00fade.<\/li>\n<li>Inexistencia de Programas de vixilancia da sa\u00fade unha vez finalizada a relaci\u00f3n\u00a0laboral, ben por xubilaci\u00f3n, ben por periodos de inactividad laboral.<\/li>\n<\/ol>\n<p>Unha vez realizado este diagn\u00f3stico, o Subgrupo propuxo un Plan para mell\u00f3raa da\u00a0Vixilancia da Sa\u00fade dos traballadores do Sector Agrario, con 4 obxectivos e 15 actividades, que se recollen no informe.<\/p>\n<p><a href=\"http:\/\/www.mscbs.gob.es\/ciudadanos\/saludAmbLaboral\/docs\/guiaAgrario.pdf\" target=\"_blank\" rel=\"noopener\">Ver publicaci\u00f3n<\/a><\/p>\n<\/form>\n<\/div>\n<p><!--more--><\/p>\n","protected":false},"excerpt":{"rendered":"<p>A Comisi\u00f3n de Sa\u00fade P\u00fablica do Consello Interterritorial do Sistema Nacional de Sa\u00fade e o Grupo de Traballo do Sector [&hellip;]<\/p>\n","protected":false},"author":4,"featured_media":1278,"comment_status":"open","ping_status":"open","sticky":false,"template":"","format":"standard","meta":{"footnotes":""},"categories":[2],"tags":[26,24,27,25],"class_list":["post-1277","post","type-post","status-publish","format-standard","has-post-thumbnail","hentry","category-blog","tag-comision-nacional-de-seguridade-e-saude-no-traballo","tag-publicacion","tag-sector-agrario","tag-vixiancia-da-saude"],"_links":{"self":[{"href":"https:\/\/fomentoprl.cec.es\/index.php\/wp-json\/wp\/v2\/posts\/1277","targetHints":{"allow":["GET"]}}],"collection":[{"href":"https:\/\/fomentoprl.cec.es\/index.php\/wp-json\/wp\/v2\/posts"}],"about":[{"href":"https:\/\/fomentoprl.cec.es\/index.php\/wp-json\/wp\/v2\/types\/post"}],"author":[{"embeddable":true,"href":"https:\/\/fomentoprl.cec.es\/index.php\/wp-json\/wp\/v2\/users\/4"}],"replies":[{"embeddable":true,"href":"https:\/\/fomentoprl.cec.es\/index.php\/wp-json\/wp\/v2\/comments?post=1277"}],"version-history":[{"count":5,"href":"https:\/\/fomentoprl.cec.es\/index.php\/wp-json\/wp\/v2\/posts\/1277\/revisions"}],"predecessor-version":[{"id":1290,"href":"https:\/\/fomentoprl.cec.es\/index.php\/wp-json\/wp\/v2\/posts\/1277\/revisions\/1290"}],"wp:featuredmedia":[{"embeddable":true,"href":"https:\/\/fomentoprl.cec.es\/index.php\/wp-json\/wp\/v2\/media\/1278"}],"wp:attachment":[{"href":"https:\/\/fomentoprl.cec.es\/index.php\/wp-json\/wp\/v2\/media?parent=1277"}],"wp:term":[{"taxonomy":"category","embeddable":true,"href":"https:\/\/fomentoprl.cec.es\/index.php\/wp-json\/wp\/v2\/categories?post=1277"},{"taxonomy":"post_tag","embeddable":true,"href":"https:\/\/fomentoprl.cec.es\/index.php\/wp-json\/wp\/v2\/tags?post=1277"}],"curies":[{"name":"wp","href":"https:\/\/api.w.org\/{rel}","templated":true}]}}