{"id":1298,"date":"2018-01-22T23:01:17","date_gmt":"2018-01-22T23:01:17","guid":{"rendered":"https:\/\/fomentoprl.cec.es\/?p=1298"},"modified":"2019-09-10T11:13:58","modified_gmt":"2019-09-10T09:13:58","slug":"calidade-ambiental-relacion-coa-saude","status":"publish","type":"post","link":"https:\/\/fomentoprl.cec.es\/index.php\/2018\/01\/22\/calidade-ambiental-relacion-coa-saude\/","title":{"rendered":"Calidade ambiental | Relaci\u00f3n coa sa\u00fade"},"content":{"rendered":"<p>A calidade do aire que respiramos incide de xeito significativo na nosa calidade de vida, sendo a causante de moitas enfermidades respiratorias que afectan a nosa sa\u00fade e confort. Por iso, \u00e9 preciso po\u00f1er de manifesto\u00a0o importante impacto que\u00a0as diferentes variables ambientais poden chegar a exercer sobre a calidade do ambiente\u00a0interior existente en torno aos diferentes postos de traballo situados por exemplo, nos edificios de oficinas.<br \/>\nPequenas fluctuaciones nestas variables, motivadas por factores intr\u00ednsecos ou\u00a0extr\u00ednsecos ao propio edificio, poden deteriorar considerablemente a calidade do\u00a0ambiente e elevar de forma importante o n\u00famero de queixas transmitidas polos\u00a0traballadores.<\/p>\n<p>Def\u00ednese como Calidade de Ambiente Interior (en diante CAI) ao conxunto de condici\u00f3ns\u00a0ambientais existentes nun recinto pechado, instalaci\u00f3n e\/ou edificaci\u00f3n.<br \/>\nCalquera condici\u00f3n ambiental que rodee un posto de traballo \u00e9 susceptible de ocasionar\u00a0problemas m\u00e1is ou menos graves aos traballadores dun determinado\u00a0lugar de traballo. Os principais factores ambientais que infl\u00faen na calidade da\u00a0contorna laboral son:<\/p>\n<ul>\n<li>O ambiente t\u00e9rmico.<\/li>\n<li>A calidade do aire.<\/li>\n<li>O ru\u00eddo e as vibraci\u00f3ns ambientais.<\/li>\n<li>A iluminaci\u00f3n do posto de traballo.<\/li>\n<\/ul>\n<p>Todos eles poden verse influ\u00eddos por factores externos e internos<\/p>\n<p>O <strong>ambiente t\u00e9rmico<\/strong> \u00e9 un factor ambiental que comprende diversas variables (temperatura,\u00a0humidade, velocidade do aire, actividade f\u00edsica, etc.) que poden provocar\u00a0unha gran diversidad de sensaci\u00f3ns t\u00e9rmicas nos traballadores. \u00c9 un factor subjetivo, polo que adoita ser moi complicado atopar un punto de confort t\u00e9rmico\u00a0com\u00fan para todos os traballadores que comparten un lugar de traballo.<\/p>\n<p>A <strong>calidade do aire<\/strong> no lugar de traballo \u00e9 esencial para sentirnos confortables\u00a0nun posto de traballo. Sobre ela poden influ\u00edr varios factores, principalmente\u00a0de orixe qu\u00edmica e\/ou biol\u00f3xico, xogando un papel important\u00edsimo a ventilaci\u00f3n. O factor\u00a0ambiente t\u00e9rmico tam\u00e9n pode influ\u00edr na calidade do aire (por exemplo, un\u00a0aumento da temperatura pode favorecer a volatilidad de certos compostos\u00a0qu\u00edmicos ou a proliferaci\u00f3n de determinados mohos e bacterias). A gran complexidade para valorar os problemas derivados dunha mala calidade do aire xorde da\u00a0dificultade de identificar as fontes do problema, a inespecificidad dos s\u00edntomas\u00a0e a frecuente multicausalidade.<\/p>\n<p>O <strong>ru\u00eddo e as vibraci\u00f3ns<\/strong> son factores ambientais f\u00edsicos presentes nas oficinas.\u00a0\u00c9 pouco habitual que o ru\u00eddo prod\u00fazase a niveis que poidan producir\u00a0danos auditivos, a\u00ednda que pode resultar moi molesto e dificultar a concentraci\u00f3n,\u00a0a atenci\u00f3n no traballo e as conversaci\u00f3ns. Separadamente da intensidade sonora e da\u00a0frecuencia, a apreciaci\u00f3n do ru\u00eddo vai depender das caracter\u00edsticas individuais\u00a0e da complexidade da tarefa. Respecto de as vibraci\u00f3ns, \u00e9 un dos\u00a0factores menos estudados e en ocasi\u00f3ns pode resultar complicado identificar a s\u00faa procedencia.<\/p>\n<p>A <strong>iluminaci\u00f3n<\/strong>, a\u00ednda que aparentemente \u00e9 un factor f\u00e1cil de identificar e de valorar,\u00a0ten unha gran complexidade, especialmente para conseguir unha axeitadda intervenci\u00f3n\u00a0no caso de que non estean correctamente dese\u00f1ados os lugares e postos de traballo.<\/p>\n<p>Todos estes factores de risco ambiental no seu conxunto, ou \u00e1s veces por separado,\u00a0poden xerar molestias importantes aos traballadores e ata afeci\u00f3ns graves para a s\u00faa sa\u00fade. Por iso, \u00e9 moi importante atopar a harmon\u00eda entre todos eles para alcanzar unha CAI saudable e confortable.<\/p>\n<p>Para rematar, \u00e9 importante destacar que algunhas caracter\u00edsticas da poboaci\u00f3n (por exemplo,\u00a0o sexo ou a idade) poden modificar a percepci\u00f3n da CAI, as\u00ed como a\u00a0posibilidade de que algunhas situaci\u00f3ns (por exemplo, a insatisfacci\u00f3n laboral, a\u00a0mala relaci\u00f3n cos compa\u00f1eiros, a monoton\u00eda do traballo, os problemas persoais,\u00a0etc.) induzan \u00e1 aparici\u00f3n de \u00abfalsas\u00bb molestias relacionadas co\u00a0ambiente interior ou acent\u00faen as molestias preexistentes. Por iso, a\u00ednda que estes factores\u00a0non se valoren directamente, o t\u00e9cnico de prevenci\u00f3n deber\u00e1 ter en conta estas circunstancias\u00a0en todo estudo da CAI nos lugares de traballo.<\/p>\n<p>&nbsp;<\/p>\n","protected":false},"excerpt":{"rendered":"<p>A calidade do aire que respiramos incide de xeito significativo na nosa calidade de vida, sendo a causante de moitas [&hellip;]<\/p>\n","protected":false},"author":4,"featured_media":0,"comment_status":"open","ping_status":"open","sticky":false,"template":"","format":"standard","meta":{"footnotes":""},"categories":[2],"tags":[48,47,46,54,53,51,52,49,55,50],"class_list":["post-1298","post","type-post","status-publish","format-standard","hentry","category-blog","tag-ambiente-termico","tag-calidade-ambiental","tag-calidade-do-aire","tag-condicions-ambientais","tag-confort","tag-iluminacion","tag-posto-de-traballo","tag-ruido","tag-saude","tag-vibracions"],"_links":{"self":[{"href":"https:\/\/fomentoprl.cec.es\/index.php\/wp-json\/wp\/v2\/posts\/1298","targetHints":{"allow":["GET"]}}],"collection":[{"href":"https:\/\/fomentoprl.cec.es\/index.php\/wp-json\/wp\/v2\/posts"}],"about":[{"href":"https:\/\/fomentoprl.cec.es\/index.php\/wp-json\/wp\/v2\/types\/post"}],"author":[{"embeddable":true,"href":"https:\/\/fomentoprl.cec.es\/index.php\/wp-json\/wp\/v2\/users\/4"}],"replies":[{"embeddable":true,"href":"https:\/\/fomentoprl.cec.es\/index.php\/wp-json\/wp\/v2\/comments?post=1298"}],"version-history":[{"count":3,"href":"https:\/\/fomentoprl.cec.es\/index.php\/wp-json\/wp\/v2\/posts\/1298\/revisions"}],"predecessor-version":[{"id":1397,"href":"https:\/\/fomentoprl.cec.es\/index.php\/wp-json\/wp\/v2\/posts\/1298\/revisions\/1397"}],"wp:attachment":[{"href":"https:\/\/fomentoprl.cec.es\/index.php\/wp-json\/wp\/v2\/media?parent=1298"}],"wp:term":[{"taxonomy":"category","embeddable":true,"href":"https:\/\/fomentoprl.cec.es\/index.php\/wp-json\/wp\/v2\/categories?post=1298"},{"taxonomy":"post_tag","embeddable":true,"href":"https:\/\/fomentoprl.cec.es\/index.php\/wp-json\/wp\/v2\/tags?post=1298"}],"curies":[{"name":"wp","href":"https:\/\/api.w.org\/{rel}","templated":true}]}}