{"id":1324,"date":"2018-03-05T00:28:52","date_gmt":"2018-03-05T00:28:52","guid":{"rendered":"https:\/\/fomentoprl.cec.es\/?p=1324"},"modified":"2019-09-10T10:50:58","modified_gmt":"2019-09-10T08:50:58","slug":"1324","status":"publish","type":"post","link":"https:\/\/fomentoprl.cec.es\/index.php\/2018\/03\/05\/1324\/","title":{"rendered":"Xesti\u00f3n da idade | Contextualizaci\u00f3n"},"content":{"rendered":"<p>A poboaci\u00f3n da Uni\u00f3n Europea (UE) envelleceu nas \u00faltimas d\u00e9cadas: unha tendencia destinada a\u00a0manterse e mesmo a intensificarse.<\/p>\n<p>Este envellecemento da poboaci\u00f3n reflectiuse tam\u00e9n no envellecemento da man de obra. Cada vez son menos as persoas novas que se incorporan ao mercado laboral, mentres que a proporci\u00f3n de\u00a0traballadores\/as de idade avanzada (traballadores e traballadoras de 55 anos ou m\u00e1is) aumenta.<\/p>\n<p>Os cambios demogr\u00e1ficos son outros dos factores principais que infl\u00faen no envellecemento da\u00a0poboaci\u00f3n europea e pola tanto, das persoas ocupadas. A estrutura e o perfil da poboaci\u00f3n da UE cambiaron considerablemente, en parte debido a unha taxa de fertilidade m\u00e1is baixas, cambios nos\u00a0patr\u00f3ns de formaci\u00f3n da familia, a un desexo de gozar dunha maior independencia persoal, o\u00a0intercambio de papeis entre homes e mulleres, a niveis m\u00e1is elevados de migraci\u00f3n, unha maior\u00a0mobilidade xeogr\u00e1fica e o aumento da esperanza de vida.<\/p>\n<p>\u00c9 probable que os cambios demogr\u00e1ficos na UE sexan considerables nas pr\u00f3ximas d\u00e9cadas, dado que\u00a0como suxiren os modelos en materia de tendencias demogr\u00e1ficas, a poboaci\u00f3n europea seguir\u00e1\u00a0envellecendo, debido aos niveis de fertilidade baixa e o aumento da lonxevidade.\u00a0As consecuencias sociais e econ\u00f3micas asociadas ao envellecemento da poboaci\u00f3n ter\u00e1n importantes\u00a0repercusi\u00f3ns en toda Europa, tanto a escala nacional coma auton\u00f3mica.<\/p>\n<p>Na nota descritiva N\u00ba 404 de setembro de 2015 da Organizaci\u00f3n Mundial da Sa\u00fade (OMS), as previsi\u00f3ns\u00a0actuais da Uni\u00f3n Europea indican que:<\/p>\n<ul>\n<li>Entre 2015 e o 2050, a porcentaxe de habitantes no planeta maiores de 60 anos duplicarase,\u00a0pasando do 12% ao 22%.<\/li>\n<li>As previsi\u00f3ns para o ano 2020 son que o n\u00famero de persoas de 60 anos ou m\u00e1is sexa superior\u00a0aos nenos de menos de 5 anos.<\/li>\n<li>No 2050, a estimaci\u00f3n \u00e9 que o 80% da poboaci\u00f3n envellecida vivir\u00e1 en pa\u00edses de ingresos baixos\u00a0e medianos.<\/li>\n<\/ul>\n<p>Segundo as proxecci\u00f3ns demogr\u00e1ficas do EUROSTAT, esp\u00e9rase que a proporci\u00f3n de traballadores\/as de\u00a055 a 64 anos na Uni\u00f3n Europea aumenten dende o 2010 ata o 2030 nun 16,2%.\u00a0 A taxa de emprego da UE-28 para as persoas con idades comprendidas entre os 55 e os 64 anos aumentou de forma progresiva ano a ano desde 2003 e as\u00ed pasa do 39,9 % en 2003 ao 50,1 % no 2013,\u00a0como se pode observar na gr\u00e1fica seguinte.<\/p>\n<p>&nbsp;<\/p>\n","protected":false},"excerpt":{"rendered":"<p>A poboaci\u00f3n da Uni\u00f3n Europea (UE) envelleceu nas \u00faltimas d\u00e9cadas: unha tendencia destinada a\u00a0manterse e mesmo a intensificarse. Este envellecemento [&hellip;]<\/p>\n","protected":false},"author":4,"featured_media":1381,"comment_status":"open","ping_status":"open","sticky":false,"template":"","format":"standard","meta":{"footnotes":""},"categories":[2],"tags":[70,67,68,36,69,72,55,71],"class_list":["post-1324","post","type-post","status-publish","format-standard","has-post-thumbnail","hentry","category-blog","tag-55-anos","tag-cambios-demograficos","tag-esperanza-de-vida","tag-oms","tag-persoas-maiores","tag-poboacion-envellecida","tag-saude","tag-xestion-de-persoas"],"_links":{"self":[{"href":"https:\/\/fomentoprl.cec.es\/index.php\/wp-json\/wp\/v2\/posts\/1324","targetHints":{"allow":["GET"]}}],"collection":[{"href":"https:\/\/fomentoprl.cec.es\/index.php\/wp-json\/wp\/v2\/posts"}],"about":[{"href":"https:\/\/fomentoprl.cec.es\/index.php\/wp-json\/wp\/v2\/types\/post"}],"author":[{"embeddable":true,"href":"https:\/\/fomentoprl.cec.es\/index.php\/wp-json\/wp\/v2\/users\/4"}],"replies":[{"embeddable":true,"href":"https:\/\/fomentoprl.cec.es\/index.php\/wp-json\/wp\/v2\/comments?post=1324"}],"version-history":[{"count":2,"href":"https:\/\/fomentoprl.cec.es\/index.php\/wp-json\/wp\/v2\/posts\/1324\/revisions"}],"predecessor-version":[{"id":1327,"href":"https:\/\/fomentoprl.cec.es\/index.php\/wp-json\/wp\/v2\/posts\/1324\/revisions\/1327"}],"wp:featuredmedia":[{"embeddable":true,"href":"https:\/\/fomentoprl.cec.es\/index.php\/wp-json\/wp\/v2\/media\/1381"}],"wp:attachment":[{"href":"https:\/\/fomentoprl.cec.es\/index.php\/wp-json\/wp\/v2\/media?parent=1324"}],"wp:term":[{"taxonomy":"category","embeddable":true,"href":"https:\/\/fomentoprl.cec.es\/index.php\/wp-json\/wp\/v2\/categories?post=1324"},{"taxonomy":"post_tag","embeddable":true,"href":"https:\/\/fomentoprl.cec.es\/index.php\/wp-json\/wp\/v2\/tags?post=1324"}],"curies":[{"name":"wp","href":"https:\/\/api.w.org\/{rel}","templated":true}]}}